{"id":499,"date":"2018-11-05T14:50:47","date_gmt":"2018-11-05T13:50:47","guid":{"rendered":"http:\/\/orzelek-markisz.pl\/furnica-drema-2018\/"},"modified":"2018-11-05T14:56:44","modified_gmt":"2018-11-05T13:56:44","slug":"furnica-drema-2018","status":"publish","type":"post","link":"https:\/\/orzelek-markisz.pl\/de\/furnica-drema-2018\/","title":{"rendered":"FURNICA DREMA 2018"},"content":{"rendered":"<p><img decoding=\"async\" loading=\"lazy\" class=\"aligncenter wp-image-490 size-full\" src=\"http:\/\/orzelek-markisz.pl\/wp-content\/uploads\/2018\/03\/Poznan_2.jpg\" alt=\"\" width=\"4032\" height=\"3024\" srcset=\"https:\/\/orzelek-markisz.pl\/wp-content\/uploads\/2018\/03\/Poznan_2.jpg 4032w, https:\/\/orzelek-markisz.pl\/wp-content\/uploads\/2018\/03\/Poznan_2-300x225.jpg 300w, https:\/\/orzelek-markisz.pl\/wp-content\/uploads\/2018\/03\/Poznan_2-768x576.jpg 768w, https:\/\/orzelek-markisz.pl\/wp-content\/uploads\/2018\/03\/Poznan_2-1024x768.jpg 1024w, https:\/\/orzelek-markisz.pl\/wp-content\/uploads\/2018\/03\/Poznan_2-195x146.jpg 195w, https:\/\/orzelek-markisz.pl\/wp-content\/uploads\/2018\/03\/Poznan_2-50x38.jpg 50w, https:\/\/orzelek-markisz.pl\/wp-content\/uploads\/2018\/03\/Poznan_2-100x75.jpg 100w\" sizes=\"(max-width: 4032px) 100vw, 4032px\" \/><\/p>\n<p>Ein Firmenstand w\u00e4hrend der Messe FURNICA DREMA 2018 in Poznan. Wie jedes Jahr, viel Arbeit und viele nette Treffen mit Kunden.<!--more--> W\u00e4hrend der Messe stellten wir vor: neue Schiebet\u00fcrsysteme &#8211; S03 und S04 f\u00fcr T\u00fcren mit einem Gewicht von 40 und 35 kg, erweitert auf die h\u00f6henverstellbare Version A01 und B01 (mit den Bezeichnungen A02 und B02) und ein Budgetsystem mit einer untere Spur namens M02. Vielen Dank f\u00fcr Ihr Interesse an unseren Produkten und besuchen Sie uns w\u00e4hrend der diesj\u00e4hrigen Ausgabe.)<\/p>\n","protected":false},"excerpt":{"rendered":"<p>Ein Firmenstand w\u00e4hrend der Messe FURNICA DREMA 2018 in Poznan. Wie jedes Jahr, viel Arbeit und viele nette Treffen mit Kunden.<\/p>\n","protected":false},"author":1,"featured_media":488,"comment_status":"closed","ping_status":"open","sticky":false,"template":"","format":"standard","meta":[],"categories":[18],"tags":[],"_links":{"self":[{"href":"https:\/\/orzelek-markisz.pl\/de\/wp-json\/wp\/v2\/posts\/499"}],"collection":[{"href":"https:\/\/orzelek-markisz.pl\/de\/wp-json\/wp\/v2\/posts"}],"about":[{"href":"https:\/\/orzelek-markisz.pl\/de\/wp-json\/wp\/v2\/types\/post"}],"author":[{"embeddable":true,"href":"https:\/\/orzelek-markisz.pl\/de\/wp-json\/wp\/v2\/users\/1"}],"replies":[{"embeddable":true,"href":"https:\/\/orzelek-markisz.pl\/de\/wp-json\/wp\/v2\/comments?post=499"}],"version-history":[{"count":1,"href":"https:\/\/orzelek-markisz.pl\/de\/wp-json\/wp\/v2\/posts\/499\/revisions"}],"predecessor-version":[{"id":500,"href":"https:\/\/orzelek-markisz.pl\/de\/wp-json\/wp\/v2\/posts\/499\/revisions\/500"}],"wp:featuredmedia":[{"embeddable":true,"href":"https:\/\/orzelek-markisz.pl\/de\/wp-json\/wp\/v2\/media\/488"}],"wp:attachment":[{"href":"https:\/\/orzelek-markisz.pl\/de\/wp-json\/wp\/v2\/media?parent=499"}],"wp:term":[{"taxonomy":"category","embeddable":true,"href":"https:\/\/orzelek-markisz.pl\/de\/wp-json\/wp\/v2\/categories?post=499"},{"taxonomy":"post_tag","embeddable":true,"href":"https:\/\/orzelek-markisz.pl\/de\/wp-json\/wp\/v2\/tags?post=499"}],"curies":[{"name":"wp","href":"https:\/\/api.w.org\/{rel}","templated":true}]}}